{"id":21951,"date":"2013-03-18T17:47:21","date_gmt":"2013-03-18T16:47:21","guid":{"rendered":"http:\/\/www.gefaesscentrum-koeln.de\/?p=21951"},"modified":"2021-11-11T11:22:05","modified_gmt":"2021-11-11T10:22:05","slug":"risikofaktoren-krampfadern","status":"publish","type":"post","link":"https:\/\/www.gefaesscentrum-koeln.de\/en\/risikofaktoren-krampfadern","title":{"rendered":"Welche Risikofaktoren beg\u00fcnstigen die Krampfaderentstehung?"},"content":{"rendered":"<p><!--more-->[vc_accordion style=&#8221;boxed_toggle&#8221;][vc_accordion_tab title=&#8221;Erbliche Veranlagung&#8221; title_tag=&#8221;h3&#8243;]Der Risikofaktor Nr. 1 f\u00fcr Krampfadern ist die sogenannte <strong>Bindegewebsschw\u00e4che<\/strong>. Das Bindegewebe umgibt und st\u00fctzt die oberfl\u00e4chlichen Venen. Ist es krankhaft geschw\u00e4cht, so erweitern sich die Venen zunehmend und sacken aus \u2013 es bilden sich Krampfadern. Die Bindegewebsschw\u00e4che ist fast immer genetisch bedingt. Hat ein Elternteil Krampfadern, verdoppelt sich das Risiko an Krampfadern zu erkranken. Sind beide Eltern betroffen, liegt es 3-4fach \u00fcber dem Durchschnitt. Ganz ohne famili\u00e4re Disposition entstehen nur selten Krankheiten des oberfl\u00e4chlichen Venensystems.[\/vc_accordion_tab][vc_accordion_tab title=&#8221;Geschlecht&#8221; title_tag=&#8221;h3&#8243;]2\/3 der Krampfaderpatienten sind Frauen, nur 1\/3 M\u00e4nner.[\/vc_accordion_tab][vc_accordion_tab title=&#8221;Lebensalter&#8221; title_tag=&#8221;h3&#8243;]Ein weiterer Risikofaktor ist das Alter. Es ist unbestritten, dass in zunehmendem Alter die Anzahl und Auspr\u00e4gung der Venenerkrankungen ansteigen. Fast jeder \u00fcber 70 j\u00e4hrige hat Probleme mit den Venen. Einerseits verringert sich nat\u00fcrlicherweise die Elastizit\u00e4t des Gewebes, andererseits gehen mit dem Alterungsprozess vielfach nachlassende Beweglichkeit und Bewegungsmangel einher.[\/vc_accordion_tab][vc_accordion_tab title=&#8221;Bewegungsmangel&#8221; title_tag=&#8221;h3&#8243;]Allgemeiner Bewegungsmangel sowie stehende oder sitzende T\u00e4tigkeiten f\u00fchren zu einer geringen Aktivierung der <strong>Wadenmuskelpumpe<\/strong>, die f\u00fcr den R\u00fcckfluss des Blutes zum Herzen verantwortlich ist. Au\u00dferdem wirkt die Schwerkraft dem R\u00fcckfluss des Blutes zum Herzen entgegen und beg\u00fcnstigt so die Bildung von Krampfadern.[\/vc_accordion_tab][vc_accordion_tab title=&#8221;Hormone&#8221; title_tag=&#8221;h3&#8243;]Auch Hormone, hier die \u00d6strogene und Gestagene, k\u00f6nnen sich ung\u00fcnstig bei Patienten auswirken, die bereits ein Venenleiden haben. Das weibliche Geschlechtshormon \u00d6strogen wirkt negativ auf die Elastizit\u00e4t der Venenw\u00e4nde. M\u00f6glicherweise ist dies der Grund daf\u00fcr, dass mehr Frauen als M\u00e4nner an Krampfadern leiden. Dennoch muss wegen eines Venenleidens nicht grunds\u00e4tzlich auf die \u201ePille\u201c verzichtet werden.[\/vc_accordion_tab][vc_accordion_tab title=&#8221;Schwangerschaft&#8221; title_tag=&#8221;h3&#8243;]Eine Schwangerschaft f\u00f6rdert die Bildung von Krampfadern, da das Baby im Mutterleib einen starken Druck auf die Beckenvene aus\u00fcbt. Dieser Druck auf die Venenw\u00e4nde erh\u00f6ht sich mit fortschreiten der Schwangerschaft und beeintr\u00e4chtigt h\u00e4ufig seine Funktion. Zus\u00e4tzlich wirkt das in der Schwangerschaft gebildete Hormon <strong>Progesteron<\/strong> entspannend auf die Venenw\u00e4nde was ebenfalls zu einer Dehnung f\u00fchrt. Mehrfachschwangerschaften erh\u00f6hen das Risiko.[\/vc_accordion_tab][vc_accordion_tab title=&#8221;\u00dcbergewicht \/ Rauchen&#8221; title_tag=&#8221;h3&#8243;]\u00dcberfl\u00fcssige Kilos \u00fcben einen starken Druck auf die Beinvenen aus. Das Risiko f\u00fcr stark \u00dcbergewichtige steigt um das bis zu 8fache, denn der Druck in den Bauchvenen von \u00dcbergewichtigen ist deutlich h\u00f6her als der von Normalgewichtigen. Die Beinvenen m\u00fcssen deutlich mehr Kraft aufbringen, um Blut zur\u00fcck in die Bauchvenen zu pumpen. <strong>Rauchen<\/strong> beg\u00fcnstigt das Thromboserisiko und wirkt sich insgesamt negativ auf die gesamte Durchblutung des K\u00f6rpers aus.[\/vc_accordion_tab][\/vc_accordion]<\/p>\n","protected":false},"excerpt":{"rendered":"[vc_accordion style=\"boxed_toggle\"][vc_accordion_tab title=\"Erbliche Veranlagung\" title_tag=\"h3\"]Der Risikofaktor Nr. 1 f\u00fcr Krampfadern ist die sogenannte Bindegewebsschw\u00e4che. Das Bindegewebe umgibt und st\u00fctzt die oberfl\u00e4chlichen Venen. Ist es krankhaft geschw\u00e4cht, so erweitern sich die...","protected":false},"author":1,"featured_media":0,"comment_status":"closed","ping_status":"closed","sticky":false,"template":"","format":"standard","meta":{"footnotes":""},"categories":[79],"tags":[74,73],"class_list":["post-21951","post","type-post","status-publish","format-standard","hentry","category-lexikon","tag-besenreiser","tag-krampfadern"],"_links":{"self":[{"href":"https:\/\/www.gefaesscentrum-koeln.de\/en\/wp-json\/wp\/v2\/posts\/21951","targetHints":{"allow":["GET"]}}],"collection":[{"href":"https:\/\/www.gefaesscentrum-koeln.de\/en\/wp-json\/wp\/v2\/posts"}],"about":[{"href":"https:\/\/www.gefaesscentrum-koeln.de\/en\/wp-json\/wp\/v2\/types\/post"}],"author":[{"embeddable":true,"href":"https:\/\/www.gefaesscentrum-koeln.de\/en\/wp-json\/wp\/v2\/users\/1"}],"replies":[{"embeddable":true,"href":"https:\/\/www.gefaesscentrum-koeln.de\/en\/wp-json\/wp\/v2\/comments?post=21951"}],"version-history":[{"count":15,"href":"https:\/\/www.gefaesscentrum-koeln.de\/en\/wp-json\/wp\/v2\/posts\/21951\/revisions"}],"predecessor-version":[{"id":22033,"href":"https:\/\/www.gefaesscentrum-koeln.de\/en\/wp-json\/wp\/v2\/posts\/21951\/revisions\/22033"}],"wp:attachment":[{"href":"https:\/\/www.gefaesscentrum-koeln.de\/en\/wp-json\/wp\/v2\/media?parent=21951"}],"wp:term":[{"taxonomy":"category","embeddable":true,"href":"https:\/\/www.gefaesscentrum-koeln.de\/en\/wp-json\/wp\/v2\/categories?post=21951"},{"taxonomy":"post_tag","embeddable":true,"href":"https:\/\/www.gefaesscentrum-koeln.de\/en\/wp-json\/wp\/v2\/tags?post=21951"}],"curies":[{"name":"wp","href":"https:\/\/api.w.org\/{rel}","templated":true}]}}